{"id":56314,"date":"2024-06-13T15:20:41","date_gmt":"2024-06-13T15:20:41","guid":{"rendered":"https:\/\/neopinium.eu\/?p=56314"},"modified":"2024-06-13T15:20:41","modified_gmt":"2024-06-13T15:20:41","slug":"moveskin-pro","status":"publish","type":"post","link":"https:\/\/neopinium.eu\/cs\/moveskin-pro\/","title":{"rendered":"Moveskin Pro produkt recenze"},"content":{"rendered":"<p style=\"text-align: justify;\"><span style=\"font-size: 14pt;\">Vr\u00e1sky jsou sice sou\u010d\u00e1st\u00ed st\u00e1rnut\u00ed, ale neznamen\u00e1 to, \u017ee se jim nelze vyhnout. Mnoho lid\u00ed v t\u00e9to zemi hled\u00e1 zp\u016fsoby, jak zlep\u0161it vzhled sv\u00e9 pleti a zm\u00edrnit zn\u00e1mky st\u00e1rnut\u00ed. Moveskin Pro se t\u011b\u0161\u00ed st\u00e1le v\u011bt\u0161\u00ed oblib\u011b. Tento inovativn\u00ed kr\u00e9m doporu\u010duje mnoho \u010desk\u00fdch odborn\u00edk\u016f na p\u00e9\u010di o ple\u0165.<\/span><\/p>\n<p style=\"text-align: justify;\"><span style=\"font-size: 14pt;\">Pro\u010d vznikaj\u00ed vr\u00e1sky? Vr\u00e1sky vznikaj\u00ed, kdy\u017e poko\u017eka ztr\u00e1c\u00ed svou pevnost a pru\u017enost. To je zp\u016fsobeno \u0159adou faktor\u016f.<\/span><\/p>\n<p style=\"text-align: justify;\"><span style=\"font-size: 14pt;\">St\u00e1rnut\u00ed &#8211; S p\u0159ib\u00fdvaj\u00edc\u00edm v\u011bkem ztr\u00e1c\u00ed na\u0161e poko\u017eka pru\u017enost v d\u016fsledku poklesu produkce kolagenu a elastick\u00fdch l\u00e1tek.<\/span><\/p>\n<div class='dropshadowboxes-container ' style='width:auto;'>\r\n                            <div class='dropshadowboxes-drop-shadow dropshadowboxes-rounded-corners dropshadowboxes-inside-and-outside-shadow dropshadowboxes-perspective-left dropshadowboxes-effect-default' style=' border: 7px solid #dd2f7d; height:; background-color:#1a19b7;    '>\r\n                            <\/p>\n<p style=\"text-align: center;\"><a href=\"https:\/\/gd-price.com\/go\/moveskin-pro-cz\/\" target=\"_blank\" rel=\"noopener\"><span style=\"font-size: 16pt;\">\ud83d\udd25 <\/span>\u00a0<span style=\"color: #ffffff;\"><strong><span style=\"font-size: 16pt;\">Moveskin Pro <\/span><\/strong>\u00a0<\/span><span style=\"font-size: 16pt;\">\ud83d\udd25<\/span><\/a><br \/>\n<a href=\"https:\/\/gd-price.com\/go\/moveskin-pro-cz\/\" target=\"_blank\" rel=\"noopener\"><span style=\"color: #ffff00;\"><strong><span style=\"font-size: 16pt;\">\u2702 <\/span><span style=\"font-size: 16pt;\">CENA\u00a0-50%<\/span><\/strong> <\/span><span style=\"font-size: 16pt;\">\ud83d\uded2<\/span><\/a><\/p>\n<p>\r\n                            <\/div>\r\n                        <\/div>\n<p style=\"text-align: justify;\"><span style=\"font-size: 14pt;\">Vystaven\u00ed UV z\u00e1\u0159en\u00ed: Dlouhodob\u00e9 vystavov\u00e1n\u00ed se slune\u010dn\u00edmu z\u00e1\u0159en\u00ed po\u0161kozuje ko\u017en\u00ed bu\u0148ky a m\u016f\u017ee urychlit st\u00e1rnut\u00ed poko\u017eky.<\/span><\/p>\n<p style=\"text-align: justify;\"><span style=\"font-size: 14pt;\">\u017divotn\u00ed styl &#8211; Kou\u0159en\u00ed, \u0161patn\u00e1 strava a nedostatek sp\u00e1nku mohou p\u0159isp\u00edvat ke vzniku vr\u00e1sek.<\/span><\/p>\n<p style=\"text-align: justify;\"><span style=\"font-size: 14pt;\">Genetika: Genetick\u00e9 faktory maj\u00ed vliv na rychlost a rozsah tvorby vr\u00e1sek.<\/span><\/p>\n<p style=\"text-align: justify;\"><span style=\"font-size: 14pt;\">V \u010cesk\u00e9 republice je st\u00e1le popul\u00e1rn\u011bj\u0161\u00ed p\u0159\u00edpravek Moveskin Pro, kter\u00fd bojuje proti vr\u00e1sk\u00e1m. Tento inovativn\u00ed v\u00fdrobek p\u0159edstavuje komplexn\u00ed \u0159e\u0161en\u00ed p\u00e9\u010de o ple\u0165 a \u00fa\u010dinn\u011b redukuje vr\u00e1sky. Slo\u017een\u00ed a slo\u017eky tohoto p\u0159\u00edpravku poskytuj\u00ed pleti hloubkovou hydrataci a v\u00fd\u017eivu. Moveskin Pro dok\u00e1\u017ee p\u0159i pravideln\u00e9m pou\u017e\u00edv\u00e1n\u00ed v\u00fdrazn\u011b zlep\u0161it zdrav\u00ed a vzhled pleti. Moveskin Pro nab\u00edz\u00ed vysoce \u00fa\u010dinn\u00e9 \u0159e\u0161en\u00ed p\u00e9\u010de o ple\u0165.<\/span><\/p>\n<p style=\"text-align: justify;\"><span style=\"font-size: 14pt;\">Moveskin Pro p\u0159edstavuje revoluci v p\u00e9\u010di o ple\u0165 a v boji proti vr\u00e1sk\u00e1m. D\u00edky sv\u00fdm jedine\u010dn\u00fdm slo\u017ek\u00e1m a slo\u017een\u00ed zlep\u0161uje zdrav\u00ed a vzhled poko\u017eky. V tomto \u010dl\u00e1nku prozkoum\u00e1me hlavn\u00ed v\u00fdhody p\u0159\u00edpravku Moveskin Pro. Pod\u00edv\u00e1me se tak\u00e9 na jeho slo\u017een\u00ed, n\u00e1vod k pou\u017eit\u00ed a recenze u\u017eivatel\u016f.<\/span><\/p>\n<h2>Jak Moveskin Pro funguje?<\/h2>\n<p>Moveskin Pro, pokro\u010dil\u00fd kr\u00e9m na ple\u0165, byl vytvo\u0159en pro boj s vr\u00e1skami. Jeho slo\u017een\u00ed je pln\u00e9 p\u0159\u00edrodn\u00edch slo\u017eek, kter\u00e9 zlep\u0161uj\u00ed pru\u017enost, elasticitu a celkov\u00fd vzhled pleti. Moveskin Pro byl navr\u017een pro ka\u017edodenn\u00ed pou\u017eit\u00ed. Je vhodn\u00fd pro ka\u017ed\u00fd typ pleti.<\/p>\n<p>Moveskin Pro poskytuje pleti \u0159adu v\u00fdhod. Nejd\u016fle\u017eit\u011bj\u0161\u00ed z nich jsou<\/p>\n<p>Moveskin Pro poskytuje pleti hloubkovou hydrataci a v\u00fd\u017eivu, co\u017e m\u00e1 za n\u00e1sledek mladistv\u011bj\u0161\u00ed a zdrav\u011bj\u0161\u00ed vzhled.<\/p>\n<p>Redukce vr\u00e1sek.<\/p>\n<p>Kr\u00e9m zvy\u0161uje pru\u017enost poko\u017eky.<\/p>\n<p>Moveskin Pro poskytuje ochranu proti voln\u00fdm radik\u00e1l\u016fm. Vitamin C obsa\u017een\u00fd v p\u0159\u00edpravku chr\u00e1n\u00ed ple\u0165 p\u0159ed po\u0161kozen\u00edm zp\u016fsoben\u00fdm voln\u00fdmi radik\u00e1ly.<\/p>\n<p>Aloe a bylinn\u00e9 v\u00fdta\u017eky zklid\u0148uj\u00ed a podporuj\u00ed regeneraci poko\u017eky.<\/p>\n<p>Moveskin Pro je v\u00edce\u00farov\u0148ov\u00fd syst\u00e9m, kter\u00fd poskytuje zlep\u0161en\u00ed stavu pleti a p\u00e9\u010di o ni. N\u00e1sleduje popis syst\u00e9mu Moveskin Pro.<\/p>\n<p>Hydrata\u010dn\u00ed a vy\u017eivuj\u00edc\u00ed ple\u0165ov\u00e1 voda<\/p>\n<p>Moveskin Pro obsahuje kyselinu hyaluronovou, kter\u00e1 je zn\u00e1m\u00e1 svou schopnost\u00ed zadr\u017eovat vlhkost. Tato slo\u017eka pronik\u00e1 do hloubky poko\u017eky, kde na sebe v\u00e1\u017ee vlhkost a zaji\u0161\u0165uje dlouhodobou hydrataci. D\u00edky t\u00e9to slo\u017ece je ple\u0165 pru\u017en\u00e1 a m\u00e9n\u011b n\u00e1chyln\u00e1 k tvorb\u011b vr\u00e1sek.<\/p>\n<p>Stimuluje tvorbu kolagenu<\/p>\n<p>Kolagen hraje z\u00e1sadn\u00ed roli p\u0159i udr\u017eov\u00e1n\u00ed pru\u017enosti poko\u017eky. Moveskin Pro obsahuje l\u00e1tky, kter\u00e9 stimuluj\u00ed tvorbu kolagenu v poko\u017ece. Kr\u00e9m obsahuje vitamin C, siln\u00fd antioxidant, kter\u00fd chr\u00e1n\u00ed kolagenov\u00e1 vl\u00e1kna p\u0159ed po\u0161kozen\u00edm voln\u00fdmi radik\u00e1ly a podporuje jejich regeneraci.<\/p>\n<p>Redukuje vr\u00e1sky<\/p>\n<p>Moveskin Pro je skv\u011bl\u00fdm prost\u0159edkem k redukci vr\u00e1sek. Kolagen a kyseliny hyaluronov\u00e9 spole\u010dn\u011b p\u016fsob\u00ed na zlep\u0161en\u00ed pevnosti, pru\u017enosti a vr\u00e1sek pleti.<\/p>\n<p>Ochrana p\u0159ed \u0161kodliv\u00fdmi l\u00e1tkami<\/p>\n<p>Moveskin Pro, kter\u00fd obsahuje vitamin C a antioxidanty, chr\u00e1n\u00ed poko\u017eku p\u0159ed voln\u00fdmi radik\u00e1ly. Ty mohou urychlit proces st\u00e1rnut\u00ed. Tato ochrana pom\u00e1h\u00e1 udr\u017eovat zdrav\u00fd a mladistv\u00fd vzhled pleti.<\/p>\n<p>P\u0159\u00edpravek m\u00e1 zklid\u0148uj\u00edc\u00ed a regenera\u010dn\u00ed vlastnosti<\/p>\n<p>Aloe a bylinn\u00e9 v\u00fdta\u017eky zklid\u0148uj\u00ed podr\u00e1\u017ed\u011bn\u00ed poko\u017eky. Podporuj\u00ed regeneraci bun\u011bk a zm\u00edr\u0148uj\u00ed z\u00e1n\u011bty. Tyto slo\u017eky zlep\u0161uj\u00ed zdrav\u00ed poko\u017eky a zvy\u0161uj\u00ed jej\u00ed odolnost v\u016f\u010di vn\u011bj\u0161\u00edm vliv\u016fm.<\/p>\n<p>Moveskin Pro byl vytvo\u0159en z pe\u010dliv\u011b vybran\u00fdch p\u0159\u00edrodn\u00edch slo\u017eek. Tyto slo\u017eky poskytuj\u00ed poko\u017ece ve\u0161kerou pot\u0159ebnou hydrataci a v\u00fd\u017eivu. Mezi kl\u00ed\u010dov\u00e9 slo\u017eky pat\u0159\u00ed:<\/p>\n<p>Kyselina hyaluronov\u00e1: Pom\u00e1h\u00e1 udr\u017eovat vlhkost a zlep\u0161uje pru\u017enost poko\u017eky.<\/p>\n<p>Kolagen: &#8211; Slo\u017een\u00ed: kolagen a kolagenov\u00e9 vl\u00e1kno: Zvy\u0161uje pevnost a pru\u017enost pleti. Pom\u00e1h\u00e1 redukovat vr\u00e1sky.<\/p>\n<p>Vitamin C: Chr\u00e1n\u00ed ple\u0165 p\u0159ed voln\u00fdmi radik\u00e1ly a stimuluje tvorbu kolagenu.<\/p>\n<p>Aloe Vera: Zklid\u0148uje, hydratuje a zjem\u0148uje poko\u017eku.<\/p>\n<p>Bylinn\u00e9 v\u00fdta\u017eky &#8211; p\u0159\u00edrodn\u00ed byliny, kter\u00e9 stimuluj\u00ed regeneraci poko\u017eky a zlep\u0161uj\u00ed jej\u00ed vzhled.<\/p>\n<h2>Moveskin Pro &#8211; Jak pou\u017e\u00edvat<\/h2>\n<p>Jak aplikovat Moveskin Pro. Kr\u00e9m se nan\u00e1\u0161\u00ed na \u010distou poko\u017eku krku a obli\u010deje dvakr\u00e1t denn\u011b &#8211; r\u00e1no a ve\u010der. Kr\u00e9m by se m\u011bl krou\u017eiv\u00fdmi pohyby jemn\u011b vmas\u00edrovat do poko\u017eky, dokud se nevst\u0159eb\u00e1. Pro dosa\u017een\u00ed optim\u00e1ln\u00edch v\u00fdsledk\u016f lze Moveskin Pro pou\u017e\u00edvat pravideln\u011b.<\/p>\n<h2>Moveskin Pro recenze<\/h2>\n<p>Moveskin Pro, inovativn\u00ed p\u0159\u00edpravek nab\u00edzej\u00edc\u00ed komplexn\u00ed p\u00e9\u010di o ple\u0165 i \u00fa\u010dinn\u00fd boj proti vr\u00e1sk\u00e1m. Slo\u017een\u00ed a slo\u017eky tohoto v\u00fdrobku poskytuj\u00ed pleti hloubkovou hydrataci a v\u00fd\u017eivu. Moveskin Pro dok\u00e1\u017ee zlep\u0161it stav a vzhled va\u0161\u00ed pleti. Moveskin Pro nab\u00edz\u00ed vysoce \u00fa\u010dinn\u00e9 \u0159e\u0161en\u00ed p\u00e9\u010de o ple\u0165.<\/p>\n<p>Z\u00e1kazn\u00edci Moveskin Pro se d\u011bl\u00ed o sv\u00e9 pozitivn\u00ed zku\u0161enosti.<\/p>\n<p>Recenze na internetu si m\u016f\u017eete p\u0159e\u010d\u00edst zde:<\/p>\n<p>Pouzivam Moveskin Pro uz tri mesice a nemuzu byt stastnejsi. Moje pokozka je ted mnohem hladsi a jemne vrasky kolem oci a ust jsou temer neviditelne. Tento krem je opravdu zazrak v lahvicce. Doporucila jsem ho vsem svym pratelum.<\/p>\n<p>Moveskin Pro mi uplne zmenil plet. Po nekolika tydnech pouzivani jsem si vsimla, ze moje plet je vice hydratovana a pevnejsi. Vrasky na cele a kolem oci jsou mene vyrazne. Navic se krem snadno aplikuje a ma prijemnou vuni. Urcite budu pokracovat v jeho pouzivani.<\/p>\n<h2>Kde si m\u016f\u017eete Moveskin Pro koupit?<\/h2>\n<p>P\u0159\u00edpravek Moveskin Pro je nutn\u00e9 objednat pouze z ofici\u00e1ln\u00edch webov\u00fdch str\u00e1nek v\u00fdrobce. T\u00edm si zajist\u00edte, \u017ee obdr\u017e\u00edte origin\u00e1ln\u00ed v\u00fdrobek se zaru\u010denou kvalitou. Vyhn\u011bte se n\u00e1kupu ze zdroj\u016f, kter\u00fdmi si nejste jisti. Mohou prod\u00e1vat pad\u011blky nebo n\u00e1hra\u017eky, kter\u00e9 jsou ne\u00fa\u010dinn\u00e9.<\/p>\n<p>Jedn\u00e1 se o webov\u00e9 str\u00e1nky v\u00fdrobce:<\/p>\n<div style=\"margin: 6px; margin-top: 15px; border: 3px dashed #cc0000; padding: 10px; text-align: center; min-height: 190px;\"><a id=\"v_url\" href=\"https:\/\/gd-price.com\/go\/moveskin-pro-cz\/\" target=\"_blank\" rel=\"nofollow noopener noreferrer\"><img decoding=\"async\" id=\"v_product_url\" class=\"lazy-loaded\" style=\"float: left; margin: 0px 10px 10px 50px; height: 160px; width: auto;\" src=\"https:\/\/fitnesshealthpros.com\/wp-content\/uploads\/2024\/06\/moveskin-pro1.jpg\" alt=\"Moveskin Pro\" data-lazy-type=\"image\" data-src=\"https:\/\/fitnesshealthpros.com\/wp-content\/uploads\/2024\/06\/moveskin-pro1.jpg\" \/><br \/>\n<\/a><\/p>\n<div style=\"padding: 3px; font-size: 13px;\"><span id=\"v_header\">Kupte si nyn\u00ed Moveskin Pro se slevou 50%!<\/span><\/div>\n<div style=\"margin: 10px; text-align: center;\"><a id=\"v_url\" style=\"font-size: 17px; line-height: 22px; font-weight: bold;\" href=\"https:\/\/gd-price.com\/go\/moveskin-pro-cz\/\" target=\"_blank\" rel=\"nofollow noopener noreferrer\"><span id=\"v_call2action\" style=\"color: #000000; background-color: #ffff00;\">Objednat nyn\u00ed Moveskin Pro<\/span><\/a><\/div>\n<div style=\"margin: 8px; text-align: center;\"><a id=\"v_url\" style=\"font-size: 16px; line-height: 22px; font-weight: bold;\" href=\"https:\/\/gd-price.com\/go\/moveskin-pro-cz\/\" target=\"_blank\" rel=\"nofollow noopener noreferrer\"><span id=\"v_call2action2\" style=\"color: #cc0000;\">Zaru\u010dujeme 50% slevu<\/span><\/a><\/div>\n<div><span id=\"v_date2\" style=\"font-size: 13px;\">Akce plat\u00ed do:<\/span> <span id=\"date\" style=\"font-weight: bold;\">30.04.2026 <span id=\"date\">23:59<\/span><br \/>\n<\/span><\/div>\n<div><span id=\"v_text\">Pozor! Kv\u016fli omezen\u00e9mu po\u010dtu kus\u016f bude akce prob\u00edhat omezenou dobu.<\/span><\/div>\n<\/div>\n","protected":false},"excerpt":{"rendered":"<p>Vr\u00e1sky jsou sice sou\u010d\u00e1st\u00ed st\u00e1rnut\u00ed, ale neznamen\u00e1 to, \u017ee se jim nelze vyhnout. Mnoho lid\u00ed v t\u00e9to zemi hled\u00e1 zp\u016fsoby,&hellip;<\/p>\n","protected":false},"author":1,"featured_media":56286,"comment_status":"open","ping_status":"open","sticky":false,"template":"","format":"standard","meta":{"footnotes":""},"categories":[4],"tags":[],"class_list":["post-56314","post","type-post","status-publish","format-standard","has-post-thumbnail","hentry","category-uncategorized-cs"],"_links":{"self":[{"href":"https:\/\/neopinium.eu\/cs\/wp-json\/wp\/v2\/posts\/56314","targetHints":{"allow":["GET"]}}],"collection":[{"href":"https:\/\/neopinium.eu\/cs\/wp-json\/wp\/v2\/posts"}],"about":[{"href":"https:\/\/neopinium.eu\/cs\/wp-json\/wp\/v2\/types\/post"}],"author":[{"embeddable":true,"href":"https:\/\/neopinium.eu\/cs\/wp-json\/wp\/v2\/users\/1"}],"replies":[{"embeddable":true,"href":"https:\/\/neopinium.eu\/cs\/wp-json\/wp\/v2\/comments?post=56314"}],"version-history":[{"count":1,"href":"https:\/\/neopinium.eu\/cs\/wp-json\/wp\/v2\/posts\/56314\/revisions"}],"predecessor-version":[{"id":56315,"href":"https:\/\/neopinium.eu\/cs\/wp-json\/wp\/v2\/posts\/56314\/revisions\/56315"}],"wp:featuredmedia":[{"embeddable":true,"href":"https:\/\/neopinium.eu\/cs\/wp-json\/wp\/v2\/media\/56286"}],"wp:attachment":[{"href":"https:\/\/neopinium.eu\/cs\/wp-json\/wp\/v2\/media?parent=56314"}],"wp:term":[{"taxonomy":"category","embeddable":true,"href":"https:\/\/neopinium.eu\/cs\/wp-json\/wp\/v2\/categories?post=56314"},{"taxonomy":"post_tag","embeddable":true,"href":"https:\/\/neopinium.eu\/cs\/wp-json\/wp\/v2\/tags?post=56314"}],"curies":[{"name":"wp","href":"https:\/\/api.w.org\/{rel}","templated":true}]}}