{"id":43160,"date":"2023-10-25T14:06:03","date_gmt":"2023-10-25T14:06:03","guid":{"rendered":"https:\/\/neopinium.eu\/?p=43160"},"modified":"2023-10-25T14:06:10","modified_gmt":"2023-10-25T14:06:10","slug":"ostyhealth","status":"publish","type":"post","link":"https:\/\/neopinium.eu\/hu\/ostyhealth\/","title":{"rendered":"OstyHealth haszn\u00e1lata, v\u00e9lem\u00e9nyek, teszt, \u00e1ra, rendel\u00e9s, forum magyar"},"content":{"rendered":"<p style=\"text-align: justify;\"><span style=\"font-size: 14pt;\"><img loading=\"lazy\" decoding=\"async\" class=\" wp-image-42301 alignleft\" src=\"https:\/\/neopinium.eu\/wp-content\/uploads\/2023\/10\/Dr-Beniamin-Johansen-Evans-1024x682.jpg\" alt=\"\" width=\"407\" height=\"271\" srcset=\"https:\/\/neopinium.eu\/wp-content\/uploads\/2023\/10\/Dr-Beniamin-Johansen-Evans-1024x682.jpg 1024w, https:\/\/neopinium.eu\/wp-content\/uploads\/2023\/10\/Dr-Beniamin-Johansen-Evans-300x200.jpg 300w, https:\/\/neopinium.eu\/wp-content\/uploads\/2023\/10\/Dr-Beniamin-Johansen-Evans-768x512.jpg 768w, https:\/\/neopinium.eu\/wp-content\/uploads\/2023\/10\/Dr-Beniamin-Johansen-Evans-1536x1024.jpg 1536w, https:\/\/neopinium.eu\/wp-content\/uploads\/2023\/10\/Dr-Beniamin-Johansen-Evans.jpg 2000w\" sizes=\"auto, (max-width: 407px) 100vw, 407px\" \/>Az \u00edz\u00fcleti betegs\u00e9gek el\u0151fordul\u00e1sa sz\u00e1mos t\u00e9nyez\u0151t\u0151l f\u00fcgg, t\u00f6bbek k\u00f6z\u00f6tt az \u00e9ghajlati viszonyokt\u00f3l, az \u00e9letm\u00f3dt\u00f3l, az orvosi ell\u00e1t\u00e1shoz val\u00f3 hozz\u00e1f\u00e9r\u00e9st\u0151l \u00e9s a genetik\u00e1t\u00f3l. A fejlett orsz\u00e1gokban, mint p\u00e9ld\u00e1ul az Egyes\u00fclt \u00c1llamokban \u00e9s Kanad\u00e1ban, az \u00edz\u00fcleti betegs\u00e9gek nagyon gyakoriak. Ennek oka az \u00f6reged\u0151 n\u00e9pess\u00e9g \u00e9s az \u00e9letm\u00f3d ezekben az orsz\u00e1gokban. Az \u00edz\u00fcleti betegs\u00e9gek diagn\u00f3zisa \u00e9s kezel\u00e9se hat\u00e9konyabb ezekben az orsz\u00e1gokban az orvosi szolg\u00e1ltat\u00e1sokhoz val\u00f3 jobb hozz\u00e1f\u00e9r\u00e9s \u00e9s a betegs\u00e9ggel kapcsolatos nagyobb tudatoss\u00e1g miatt.<\/span><\/p>\n<p style=\"text-align: justify;\"><span style=\"font-size: 14pt;\">Az \u00edz\u00fcleti betegs\u00e9gek nem korl\u00e1toz\u00f3dnak a fejlett vil\u00e1gra. Az \u00edz\u00fcleti betegs\u00e9gek sz\u00e1mos fejl\u0151d\u0151 orsz\u00e1gban is elterjedtek, ahol az orvosi kezel\u00e9shez val\u00f3 hozz\u00e1f\u00e9r\u00e9s korl\u00e1tozott \u00e9s az \u00e9letk\u00f6r\u00fclm\u00e9nyek nehezek.<\/span><\/p>\n<p style=\"text-align: justify;\"><span style=\"font-size: 14pt;\">A statisztik\u00e1k elavultak vagy hi\u00e1nyosak lehetnek, ami megnehez\u00edti annak meg\u00e1llap\u00edt\u00e1s\u00e1t, hogy mely orsz\u00e1gokat \u00e9rinti legink\u00e1bb az \u00edz\u00fcleti betegs\u00e9g.<\/span><\/p>\n<p style=\"text-align: justify;\"><span style=\"font-size: 14pt;\">Az \u00edz\u00fcleti f\u00e1jdalom sz\u00e1mos k\u00fcl\u00f6nb\u00f6z\u0151 t\u00e9nyez\u0151b\u0151l eredhet. \u00c1ltal\u00e1ban trauma (mechanikai s\u00e9r\u00fcl\u00e9s), az \u00edz\u00fcletek gyullad\u00e1sa (a k\u00f6rnyez\u0151 sz\u00f6vetekb\u0151l vagy az \u00edz\u00fcleti sz\u00f6vetekb\u0151l) \u00e9s t\u00falzott ig\u00e9nybev\u00e9tel miatt alakul ki.<\/span><\/p>\n<p style=\"text-align: justify;\"><span style=\"font-size: 14pt;\">Az osteoarthritis sok id\u0151s embern\u00e9l okoz \u00edz\u00fcleti f\u00e1jdalmat. A f\u00e1jdalom eredhet az \u00edz\u00fcleten k\u00edv\u00fcl m\u00e1sb\u00f3l is.<\/span><\/p>\n<p style=\"text-align: justify;\"><span style=\"font-size: 14pt;\">Vil\u00e1gszerte meglehet\u0151sen gyakoriak az \u00edz\u00fcleti betegs\u00e9gek, mint p\u00e9ld\u00e1ul a k\u00f6szv\u00e9ny \u00e9s az osteoarthritis. A genetika befoly\u00e1solhatja ezen \u00e1llapotok s\u00falyoss\u00e1g\u00e1t. \u00cdme n\u00e9h\u00e1ny \u00e1ltal\u00e1nos gondolat a t\u00e9m\u00e1val kapcsolatban.<\/span><\/p>\n<div class='dropshadowboxes-container ' style='width:auto;'>\r\n                            <div class='dropshadowboxes-drop-shadow dropshadowboxes-rounded-corners dropshadowboxes-inside-and-outside-shadow dropshadowboxes-perspective-left dropshadowboxes-effect-default' style=' border: 7px solid #dd2f7d; height:; background-color:#1a19b7;    '>\r\n                            <\/p>\n<p style=\"text-align: center;\"><a href=\"https:\/\/gd-price.com\/go\/ostyhealth-hu\/\" target=\"_blank\" rel=\"noopener\"><span style=\"font-size: 14pt;\">\ud83d\udd25<\/span> \u00a0<span style=\"color: #ffffff;\"><strong><span style=\"font-size: 16pt;\">OstyHealth <\/span><\/strong><\/span><span style=\"font-size: 14pt;\">\ud83d\udd25<\/span><\/a><br \/>\n<a href=\"https:\/\/gd-price.com\/go\/ostyhealth-hu\/\" target=\"_blank\" rel=\"noopener\"><span style=\"color: #ffff00;\"><strong><span style=\"font-size: 14pt;\">\u2702 <\/span><span style=\"font-size: 16pt;\">\u00c1RA\u00a0-50%<\/span><\/strong> <\/span><span style=\"font-size: 14pt;\">\ud83d\uded2<\/span><\/a><\/p>\n<p>\r\n                            <\/div>\r\n                        <\/div>\n<p style=\"text-align: justify;\"><span style=\"font-size: 14pt;\">Genetika. Bizonyos n\u00e9pess\u00e9gcsoportok genetikai hajlam miatt hajlamosabbak bizonyos \u00edz\u00fcleti betegs\u00e9gekre. Bizonyos genetikai tulajdons\u00e1gokkal rendelkez\u0151 emberek nagyobb val\u00f3sz\u00edn\u0171s\u00e9ggel szenvednek reum\u00e1s \u00edz\u00fcleti gyullad\u00e1sban.<\/span><\/p>\n<p style=\"text-align: justify;\"><span style=\"font-size: 14pt;\">Egyes \u00edz\u00fcleti rendelleness\u00e9gek gyakrabban fordulnak el\u0151 a hidegebb r\u00e9gi\u00f3kban \u00e9s a kev\u00e9sb\u00e9 akt\u00edv emberek k\u00f6r\u00e9ben. Az \u00edz\u00fcleti betegs\u00e9gek szint\u00e9n gyakrabban fordulnak el\u0151 azokban az orsz\u00e1gokban, ahol magas az elh\u00edz\u00e1s, \u00e9s az \u00e9trend cukorban \u00e9s tel\u00edtett zs\u00edrokban gazdag.<\/span><\/p>\n<p style=\"text-align: justify;\"><span style=\"font-size: 14pt;\">Jap\u00e1nban \u00e9s Eur\u00f3pa m\u00e1s, \u00f6reged\u0151 n\u00e9pess\u00e9g\u0171 orsz\u00e1gaiban nagyobb val\u00f3sz\u00edn\u0171s\u00e9ggel fordulnak el\u0151 \u00edz\u00fcleti betegs\u00e9gek. Ennek oka lehet az \u00edz\u00fcletek term\u00e9szetes kop\u00e1sa \u00e9s szakad\u00e1sa a kor el\u0151rehaladt\u00e1val.<\/span><\/p>\n<p style=\"text-align: justify;\"><span style=\"font-size: 14pt;\">A l\u00e9gszennyez\u00e9s n\u00f6velheti az \u00edz\u00fcleti betegs\u00e9gek kock\u00e1zat\u00e1t.<\/span><\/p>\n<p style=\"text-align: justify;\"><span style=\"font-size: 14pt;\">Azokban az orsz\u00e1gokban, ahol korl\u00e1tozott az eg\u00e9szs\u00e9g\u00fcgyi ell\u00e1t\u00e1shoz \u00e9s az eg\u00e9szs\u00e9g\u00fcgyi oktat\u00e1shoz val\u00f3 hozz\u00e1f\u00e9r\u00e9s, alacsonyabb ar\u00e1nyban diagnosztiz\u00e1lj\u00e1k az \u00edz\u00fcleti betegs\u00e9geket.<\/span><\/p>\n<p style=\"text-align: justify;\"><span style=\"font-size: 14pt;\">Ezek a t\u00e9nyez\u0151k jelent\u0151sen befoly\u00e1solhatj\u00e1k az \u00edz\u00fcleti betegs\u00e9gek gyakoris\u00e1g\u00e1t.<\/span><\/p>\n<p style=\"text-align: justify;\"><span style=\"font-size: 14pt;\">Forduljon orvoshoz, ha az \u00edz\u00fcleti f\u00e1jdalma tart\u00f3san fenn\u00e1ll, nem sz\u0171nik meg mag\u00e1t\u00f3l, vagy olyan t\u00fcnetekkel j\u00e1r egy\u00fctt, mint a l\u00e1z vagy m\u00e1s t\u00fcnetek, p\u00e9ld\u00e1ul reggeli merevs\u00e9g, v\u00f6r\u00f6s vagy forr\u00f3 \u00e9rz\u00e9s. Tudjon meg t\u00f6bbet az OstyHealth-r\u0151l, hogy megtal\u00e1lja a f\u00e1jdalom kezel\u00e9s\u00e9nek m\u00f3djait.<\/span><img loading=\"lazy\" decoding=\"async\" class=\" wp-image-43139 aligncenter\" src=\"https:\/\/neopinium.eu\/wp-content\/uploads\/2023\/10\/OstyHealth2-1-1024x439.jpg\" alt=\"\" width=\"771\" height=\"331\" srcset=\"https:\/\/neopinium.eu\/wp-content\/uploads\/2023\/10\/OstyHealth2-1-1024x439.jpg 1024w, https:\/\/neopinium.eu\/wp-content\/uploads\/2023\/10\/OstyHealth2-1-300x129.jpg 300w, https:\/\/neopinium.eu\/wp-content\/uploads\/2023\/10\/OstyHealth2-1-768x329.jpg 768w, https:\/\/neopinium.eu\/wp-content\/uploads\/2023\/10\/OstyHealth2-1.jpg 1442w\" sizes=\"auto, (max-width: 771px) 100vw, 771px\" \/><\/p>\n<h2>Hogyan m\u0171k\u00f6dik az OstyHealth? Vannak-e hat\u00e1sai?<\/h2>\n<p style=\"text-align: justify;\"><span style=\"font-size: 14pt;\">Az osteoarthritis s\u00falyos \u00edz\u00fcleti f\u00e1jdalmat \u00e9s egy\u00e9b t\u00fcneteket okozhat. Sokan keresik ennek a probl\u00e9m\u00e1nak a megold\u00e1s\u00e1t. Ez a term\u00e9k seg\u00edt enyh\u00edteni az \u00edz\u00fcleti f\u00e1jdalmakat \u00e9s er\u0151s\u00edti az \u00edz\u00fcleteket \u00e9s a csontokat.<\/span><\/p>\n<p style=\"text-align: justify;\"><span style=\"font-size: 14pt;\">Az OstyHealth t\u00f6bbet tesz, mint a f\u00e1jdalom enyh\u00edt\u00e9se. Az \u00edz\u00fcleti wellness el\u0151seg\u00edt\u00e9s\u00e9re fejlesztett\u00e9k ki. Normaliz\u00e1lja az \u00edz\u00fcleti anyagcser\u00e9t, \u00e9s c\u00e9lja az osteoarthritishez kapcsol\u00f3d\u00f3 f\u00e1jdalom cs\u00f6kkent\u00e9se. Az OstyHealth nem f\u00e1jdalomcsillap\u00edt\u00f3. Ez egy \u00edz\u00fcleti gyullad\u00e1s elleni kr\u00e9m, amely megfiatal\u00edtja \u00e9s cs\u00f6kkenti az \u00edz\u00fcleti f\u00e1jdalmat.<\/span><\/p>\n<p style=\"text-align: justify;\"><span style=\"font-size: 14pt;\">Az OstyHealth kr\u00e9m k\u00fcl\u00f6nb\u00f6zik a hagyom\u00e1nyos f\u00e1jdalomcsillap\u00edt\u00f3kt\u00f3l, amelyek \u00e1tmenetileg elfedik a f\u00e1jdalmat. A kr\u00e9m a f\u00e1jdalom ok\u00e1t t\u00e1madja. Az OstyHealth kr\u00e9m enyh\u00edti a f\u00e1jdalmat, a gyullad\u00e1st \u00e9s van egy m\u00e1sik fontos funkci\u00f3ja is: Meg\u00e1ll\u00edtja a k\u00f6t\u0151sz\u00f6vetek \u00e9s az izmok degener\u00e1ci\u00f3j\u00e1t \u00e9s leboml\u00e1s\u00e1t. Ezt a kr\u00e9met \u00fagy tervezt\u00e9k, hogy mindezeket a t\u00e9nyez\u0151ket seg\u00edtse, \u00e9s ne zavarja a szervezet term\u00e9szetes gy\u00f3gyul\u00e1si folyamatait.<\/span><\/p>\n<ul style=\"text-align: justify;\">\n<li><span style=\"font-size: 14pt;\"><strong>Az Ostyhealth ken\u0151cs haszn\u00e1lat\u00e1nak el\u0151nyei<\/strong><\/span><\/li>\n<li><span style=\"font-size: 14pt;\"><strong>k\u00fczd a f\u00e1jdalommal<\/strong><\/span><\/li>\n<li><span style=\"font-size: 14pt;\"><strong>Cs\u00f6kkenti az \u00edz\u00fcletek \u00f6reged\u00e9s\u00e9t<\/strong><\/span><\/li>\n<li><span style=\"font-size: 14pt;\"><strong>\u00dajj\u00e1\u00e9p\u00edti a k\u00f6t\u0151sz\u00f6veteket<\/strong><\/span><\/li>\n<li><span style=\"font-size: 14pt;\"><strong>T\u00e1mogatja a csontv\u00e1zszerkezetet<\/strong><\/span><\/li>\n<\/ul>\n<h2 style=\"text-align: justify;\">OstyHealth &#8211; hogyan m\u0171k\u00f6dik? Adagol\u00e1s, \u00f6sszet\u00e9tel, mell\u00e9khat\u00e1sok<\/h2>\n<p style=\"text-align: justify;\"><span style=\"font-size: 14pt;\">Az OstyHealth kr\u00e9m m\u00e1r egyetlen alkalmaz\u00e1s ut\u00e1n hat. A g\u00e9lt \u00e1ltal\u00e1ban naponta h\u00e1romszor-n\u00e9gyszer kell alkalmazni.<\/span><\/p>\n<p style=\"text-align: justify;\"><span style=\"font-size: 14pt;\">A g\u00e9l hat\u00e9konyan enyh\u00edti a s\u00falyos f\u00e1jdalmakat. Az OstyHealth term\u00e9szetes \u00f6sszet\u00e9telt tartalmaz, ez\u00e9rt biztons\u00e1gos term\u00e9k. Tudjon meg t\u00f6bbet az OstyHealth \u00f6sszet\u00e9tel\u00e9r\u0151l \u00e9s mell\u00e9khat\u00e1sair\u00f3l a hivatalos weboldalon. A kr\u00e9met legal\u00e1bb \u00f6t percig kell a b\u0151rbe massz\u00edrozni.<\/span><\/p>\n<p style=\"text-align: justify;\"><span style=\"font-size: 14pt;\">A kr\u00e9mnek fel kell sz\u00edv\u00f3dnia a b\u0151rbe, hogy a szervezet hasznos\u00edtani tudja. Ez a kr\u00e9m alkalmas sportol\u00f3k sz\u00e1m\u00e1ra, hogy 30 perccel az edz\u00e9s el\u0151tt haszn\u00e1lj\u00e1k.<\/span><\/p>\n<p><img loading=\"lazy\" decoding=\"async\" class=\" wp-image-43108 aligncenter\" src=\"https:\/\/neopinium.eu\/wp-content\/uploads\/2023\/10\/OstyHealth7.jpg\" alt=\"\" width=\"778\" height=\"778\" srcset=\"https:\/\/neopinium.eu\/wp-content\/uploads\/2023\/10\/OstyHealth7.jpg 750w, https:\/\/neopinium.eu\/wp-content\/uploads\/2023\/10\/OstyHealth7-300x300.jpg 300w, https:\/\/neopinium.eu\/wp-content\/uploads\/2023\/10\/OstyHealth7-150x150.jpg 150w\" sizes=\"auto, (max-width: 778px) 100vw, 778px\" \/><\/p>\n<h2 style=\"text-align: justify;\">OstyHealth v\u00e9lem\u00e9nyek \u00e9s \u00e9rt\u00e9kel\u00e9sek<\/h2>\n<p style=\"text-align: justify;\"><span style=\"font-size: 14pt;\">Ha \u00e9rdekli az OstyHealth hat\u00e9konys\u00e1ga, \u00e9rdemes elolvasni a fogyaszt\u00f3k v\u00e9lem\u00e9nyeit. Azonnal tudni fogja, hogy mit tehet az \u00d6n sz\u00e1m\u00e1ra. Az interneten olyan emberek v\u00e9lem\u00e9ny\u00e9t olvashatja, akik haszn\u00e1lt\u00e1k a kr\u00e9met. Az OstyHealth ter\u00e1pi\u00e1s \u00e9s megel\u0151z\u0151 tulajdons\u00e1gait gyakran megvitatj\u00e1k.<\/span><\/p>\n<p style=\"text-align: justify;\"><span style=\"font-size: 14pt;\">A kr\u00e9met kiv\u00e1l\u00f3 megold\u00e1sk\u00e9nt \u00fcdv\u00f6z\u00f6lt\u00e9k. Az OstyHealth \u00e9rt\u00e9kel\u00e9seket t\u00falnyom\u00f3r\u00e9szt orvosok \u00edrj\u00e1k.<\/span><\/p>\n<p style=\"text-align: justify;\"><span style=\"font-size: 14pt;\">N\u00e9zzen meg n\u00e9h\u00e1nyat az interneten tal\u00e1lhat\u00f3 v\u00e9lem\u00e9nyek k\u00f6z\u00fcl.<\/span><\/p>\n<p style=\"text-align: justify;\"><span style=\"font-size: 14pt;\">Az Ostyhealth sz\u00e1momra megv\u00e1ltoztatta a j\u00e1t\u00e9kot! Az \u00e9vek sor\u00e1n az \u00edz\u00fcleti merevs\u00e9g \u00e9s f\u00e1jdalom komolyan befoly\u00e1solta a cselekv\u0151k\u00e9pess\u00e9gemet. A term\u00e9k n\u00e9h\u00e1ny hetes haszn\u00e1lata ut\u00e1n jelent\u0151s k\u00fcl\u00f6nbs\u00e9get vettem \u00e9szre. Az \u00edz\u00fcletek sokkal jobban \u00e9rzik magukat, \u00e9s a mobilit\u00e1som visszat\u00e9r a norm\u00e1lis szintre. Mindenk\u00e9ppen aj\u00e1nlom.<\/span><\/p>\n<p style=\"text-align: justify;\"><span style=\"font-size: 14pt;\">Az Ostyhealth egy olyan term\u00e9k, amellyel nagyon el\u00e9gedett vagyok. Olyan szem\u00e9ly vagyok, aki nagyon akt\u00edvan sportol, \u00e9s az \u00edz\u00fcleteim fontosak sz\u00e1momra. Ez a term\u00e9k seg\u00edt abban, hogy kiv\u00e1l\u00f3 \u00e1llapotban tartsam \u0151ket. Kevesebb a f\u00e1jdalom \u00e9s jobb a mobilit\u00e1s. Minden sportol\u00f3nak aj\u00e1nlom!<\/span><\/p>\n<p style=\"text-align: justify;\"><span style=\"font-size: 14pt;\">Az Ostyhealth messze a legjobb \u00edz\u00fcleti kieg\u00e9sz\u00edt\u0151, amit valaha haszn\u00e1ltam. Miut\u00e1n k\u00e9t h\u00f3napig haszn\u00e1ltam az Ostyhealth-ot, jelent\u0151sen cs\u00f6kkent a f\u00e1jdalom, ami \u00e9vek \u00f3ta k\u00ednzott. Most m\u00e1r f\u00e1jdalom n\u00e9lk\u00fcl tudok hossz\u00fa s\u00e9t\u00e1kat tenni. M\u0171k\u00f6dik!<\/span><\/p>\n<h2>Hol v\u00e1s\u00e1rolhat\u00f3 meg az OstyHealth? Hol lehet megv\u00e1s\u00e1rolni az OstyHealth-t?<\/h2>\n<p style=\"text-align: justify;\"><span style=\"font-size: 14pt;\">Az OstyHealth-t csak k\u00f6zvetlen\u00fcl a gy\u00e1rt\u00f3t\u00f3l v\u00e1s\u00e1rolhatja meg. Csak a k\u00f6zvetlen\u00fcl a gy\u00e1rt\u00f3t\u00f3l t\u00f6rt\u00e9n\u0151 v\u00e1s\u00e1rl\u00e1ssal biztos\u00edthat\u00f3 a term\u00e9k hat\u00e9konys\u00e1ga \u00e9s min\u0151s\u00e9ge. Ezt a term\u00e9ket nem \u00e1rulj\u00e1k gy\u00f3gyszert\u00e1rakban vagy \u00fczletekben, mert lehets\u00e9ges, hogy a jelenleg rekl\u00e1mozott term\u00e9kek nem m\u0171k\u00f6dnek.<\/span><\/p>\n<p style=\"text-align: justify;\"><span style=\"font-size: 14pt;\">Az OstyHealth kr\u00e9m kik\u00fcsz\u00f6b\u00f6li a f\u00e1jdalomcsillap\u00edt\u00f3k, gyullad\u00e1scs\u00f6kkent\u0151k \u00e9s egy\u00e9b gy\u00f3gyszerek haszn\u00e1lat\u00e1t.<\/span><\/p>\n<p style=\"text-align: justify;\"><span style=\"font-size: 14pt;\">Ez a link a gy\u00e1rt\u00f3 weboldal\u00e1ra mutat:<\/span><\/p>\n<div style=\"margin: 6px; margin-top: 15px; border: 3px dashed #cc0000; padding: 10px; text-align: center; min-height: 190px;\">\n<p><a id=\"v_url\" href=\"https:\/\/gd-price.com\/go\/ostyhealth-hu\/\" target=\"_blank\" rel=\"nofollow noopener noreferrer\"><img decoding=\"async\" id=\"v_product_url\" class=\"lazy-loaded\" style=\"float: left; margin: 0px 10px 10px 50px; height: 160px; width: auto;\" src=\"https:\/\/fitnesshealthpros.com\/wp-content\/uploads\/2023\/10\/OstyHealth1-5.jpg\" alt=\"OstyHealth\" data-lazy-type=\"image\" data-src=\"https:\/\/fitnesshealthpros.com\/wp-content\/uploads\/2023\/10\/OstyHealth1-5.jpg\" \/><\/a><\/p>\n<div style=\"padding: 3px; font-size: 13px;\"><span id=\"v_header\">V\u00e1s\u00e1roljon most OstyHealth 50% kedvezm\u00e9nnyel!<\/span><\/div>\n<div style=\"margin: 10px; text-align: center;\"><a id=\"v_url\" style=\"font-size: 17px; line-height: 22px; font-weight: bold;\" href=\"https:\/\/gd-price.com\/go\/ostyhealth-hu\/\" target=\"_blank\" rel=\"nofollow noopener noreferrer\"><span id=\"v_call2action\" style=\"color: #000000; background-color: #ffff00;\">Rendelje meg most OstyHealth-t<\/span><\/a><\/div>\n<div style=\"margin: 8px; text-align: center;\"><a id=\"v_url\" style=\"font-size: 16px; line-height: 22px; font-weight: bold;\" href=\"https:\/\/gd-price.com\/go\/ostyhealth-hu\/\" target=\"_blank\" rel=\"nofollow noopener noreferrer\"><span id=\"v_call2action2\" style=\"color: #cc0000;\">50% kedvezm\u00e9nyt garant\u00e1lunk<\/span><\/a><\/div>\n<div><span id=\"v_date2\" style=\"font-size: 13px;\">Az akci\u00f3 \u00e9rv\u00e9nyes:<\/span> <span id=\"date\" style=\"font-weight: bold;\">2026.05.02 <span id=\"date\">23:59<\/span><\/span><\/div>\n<div><span id=\"v_text\">Figyelem! Az akci\u00f3 korl\u00e1tozott ideig tart, mivel a k\u00e9szletek elfogynak.<\/span><\/div>\n<\/div>\n","protected":false},"excerpt":{"rendered":"<p>Az \u00edz\u00fcleti betegs\u00e9gek el\u0151fordul\u00e1sa sz\u00e1mos t\u00e9nyez\u0151t\u0151l f\u00fcgg, t\u00f6bbek k\u00f6z\u00f6tt az \u00e9ghajlati viszonyokt\u00f3l, az \u00e9letm\u00f3dt\u00f3l, az orvosi ell\u00e1t\u00e1shoz val\u00f3 hozz\u00e1f\u00e9r\u00e9st\u0151l \u00e9s&hellip;<\/p>\n","protected":false},"author":4,"featured_media":6412,"comment_status":"open","ping_status":"open","sticky":false,"template":"","format":"standard","meta":{"footnotes":""},"categories":[12],"tags":[],"class_list":["post-43160","post","type-post","status-publish","format-standard","has-post-thumbnail","hentry","category-uncategorized-hu"],"_links":{"self":[{"href":"https:\/\/neopinium.eu\/hu\/wp-json\/wp\/v2\/posts\/43160","targetHints":{"allow":["GET"]}}],"collection":[{"href":"https:\/\/neopinium.eu\/hu\/wp-json\/wp\/v2\/posts"}],"about":[{"href":"https:\/\/neopinium.eu\/hu\/wp-json\/wp\/v2\/types\/post"}],"author":[{"embeddable":true,"href":"https:\/\/neopinium.eu\/hu\/wp-json\/wp\/v2\/users\/4"}],"replies":[{"embeddable":true,"href":"https:\/\/neopinium.eu\/hu\/wp-json\/wp\/v2\/comments?post=43160"}],"version-history":[{"count":1,"href":"https:\/\/neopinium.eu\/hu\/wp-json\/wp\/v2\/posts\/43160\/revisions"}],"predecessor-version":[{"id":43161,"href":"https:\/\/neopinium.eu\/hu\/wp-json\/wp\/v2\/posts\/43160\/revisions\/43161"}],"wp:featuredmedia":[{"embeddable":true,"href":"https:\/\/neopinium.eu\/hu\/wp-json\/wp\/v2\/media\/6412"}],"wp:attachment":[{"href":"https:\/\/neopinium.eu\/hu\/wp-json\/wp\/v2\/media?parent=43160"}],"wp:term":[{"taxonomy":"category","embeddable":true,"href":"https:\/\/neopinium.eu\/hu\/wp-json\/wp\/v2\/categories?post=43160"},{"taxonomy":"post_tag","embeddable":true,"href":"https:\/\/neopinium.eu\/hu\/wp-json\/wp\/v2\/tags?post=43160"}],"curies":[{"name":"wp","href":"https:\/\/api.w.org\/{rel}","templated":true}]}}