{"id":28794,"date":"2023-05-11T09:42:04","date_gmt":"2023-05-11T09:42:04","guid":{"rendered":"https:\/\/neopinium.eu\/?p=28794"},"modified":"2023-05-11T09:42:25","modified_gmt":"2023-05-11T09:42:25","slug":"audiovico","status":"publish","type":"post","link":"https:\/\/neopinium.eu\/ro\/audiovico\/","title":{"rendered":"Audiovico pareri, forum, pret, catena, farmacii, ingrediente, farmacie, comanda"},"content":{"rendered":"<p style=\"text-align: justify;\"><span style=\"font-size: 14pt;\"><img loading=\"lazy\" decoding=\"async\" class=\" wp-image-27626 alignleft\" src=\"https:\/\/neopinium.eu\/wp-content\/uploads\/2023\/04\/Dr-Beniamin-Johansen-Evans-1024x682.jpg\" alt=\"\" width=\"462\" height=\"307\" srcset=\"https:\/\/neopinium.eu\/wp-content\/uploads\/2023\/04\/Dr-Beniamin-Johansen-Evans-1024x682.jpg 1024w, https:\/\/neopinium.eu\/wp-content\/uploads\/2023\/04\/Dr-Beniamin-Johansen-Evans-300x200.jpg 300w, https:\/\/neopinium.eu\/wp-content\/uploads\/2023\/04\/Dr-Beniamin-Johansen-Evans-768x512.jpg 768w, https:\/\/neopinium.eu\/wp-content\/uploads\/2023\/04\/Dr-Beniamin-Johansen-Evans-1536x1024.jpg 1536w, https:\/\/neopinium.eu\/wp-content\/uploads\/2023\/04\/Dr-Beniamin-Johansen-Evans.jpg 2000w\" sizes=\"auto, (max-width: 462px) 100vw, 462px\" \/><strong>Urechea este un organ foarte sensibil la infec\u021bii \u0219i inflama\u021bii. Toate cauzele pot provoca schimb\u0103ri ireversibile \u00een acest organ delicat. <\/strong><\/span><\/p>\n<p style=\"text-align: justify;\"><span style=\"font-size: 14pt;\">Bolile urechii afecteaz\u0103 \u00eentreaga ureche, nu doar p\u0103r\u021bile vizibile. <strong>Majoritatea bolilor urechii sunt inofensive \u0219i u\u0219or de tratat,<\/strong> dar atunci c\u00e2nd sunt ignorate pot duce la complica\u021bii grave. <\/span><\/p>\n<p style=\"text-align: justify;\"><span style=\"font-size: 14pt;\">Urechile externe sunt mai pu\u021bin susceptibile la infec\u021bii. <strong>Cel mai frecvent tip este depunerea de cear\u0103. Este cauzat\u0103 de acumularea excesiv\u0103 de cerneal\u0103 \u00een ureche.<\/strong> De\u0219i urechea este capabil\u0103 s\u0103 se autocur\u0103\u021beasc\u0103, lipsa de cur\u0103\u021benie poate cauza \u00eenfundarea canalului. <\/span><\/p>\n<p style=\"text-align: justify;\"><strong><span style=\"font-size: 14pt;\">Este fascinant de observat c\u0103, la persoanele stresate, cerumenul se poate acumula mai des \u00een urechea dreapt\u0103. <\/span><\/strong><\/p>\n<p style=\"text-align: justify;\"><span style=\"font-size: 14pt;\">Este important s\u0103 protej\u0103m urechea extern\u0103 de infec\u021biile bacteriene, <strong>virale sau fungice. De asemenea, pavilionul urechii trebuie protejat \u00eempotriva luminii solare excesive.<\/strong><\/span><\/p>\n<p style=\"text-align: justify;\"><span style=\"font-size: 14pt;\">Exist\u0103 mai multe cauze ale pierderii auzului la adul\u021bi:<\/span><\/p>\n<ul>\n<li style=\"text-align: justify;\"><strong><span style=\"font-size: 14pt;\">leziuni<\/span><\/strong><\/li>\n<li style=\"text-align: justify;\"><strong><span style=\"font-size: 14pt;\">Munca cu zgomot nu trebuie s\u0103 fie fizic\u0103. Dar acesta poate provoca daune \u0219i \u00een alte domenii, cum ar fi profesia de profesor.<\/span><\/strong><\/li>\n<li style=\"text-align: justify;\"><strong><span style=\"font-size: 14pt;\">Diabet<\/span><\/strong><\/li>\n<li style=\"text-align: justify;\"><strong><span style=\"font-size: 14pt;\">Factori genetici<\/span><\/strong><\/li>\n<li style=\"text-align: justify;\"><strong><span style=\"font-size: 14pt;\">Demen\u021ba<\/span><\/strong><\/li>\n<\/ul>\n<div class='dropshadowboxes-container ' style='width:auto;'>\r\n                            <div class='dropshadowboxes-drop-shadow dropshadowboxes-rounded-corners dropshadowboxes-inside-and-outside-shadow dropshadowboxes-perspective-left dropshadowboxes-effect-default' style=' border: 7px solid #dd2f7d; height:; background-color:#1a19b7;    '>\r\n                            <\/p>\n<p style=\"text-align: center;\"><a href=\"https:\/\/www.viaapp.eu\/audiovico-promo\" target=\"_blank\" rel=\"noopener\"><span style=\"font-size: 14pt;\">\ud83d\udd25<\/span>\u00a0<span style=\"color: #ffffff;\"><strong><span style=\"font-size: 16pt;\">Audiovico <\/span><\/strong> <\/span><span style=\"font-size: 14pt;\">\ud83d\udd25<\/span><\/a><br \/>\n<a href=\"https:\/\/www.viaapp.eu\/audiovico-promo\" target=\"_blank\" rel=\"noopener\"><span style=\"color: #ffff00;\"><strong><span style=\"font-size: 14pt;\">\u2702 <\/span><span style=\"font-size: 16pt;\">PARERI\u00a0-50%<\/span><\/strong> <\/span><\/a><span style=\"font-size: 14pt;\">\ud83d\uded2<\/span><\/p>\n<p>\r\n                            <\/div>\r\n                        <\/div>\n<p style=\"text-align: justify;\"><span style=\"font-size: 14pt;\">Dac\u0103 nu ave\u021bi capacitatea de a auzi, v\u0103 este dificil s\u0103 comunica\u021bi cu ceilal\u021bi \u0219i s\u0103 func\u021biona\u021bi \u00een societate. <strong>Persoanele cu deficien\u021be de auz se simt excluse de la evenimentele sociale \u0219i este mai probabil s\u0103 le evite. <\/strong><\/span><\/p>\n<p style=\"text-align: justify;\"><span style=\"font-size: 14pt;\">Atunci c\u00e2nd nu pot \u00een\u021belege cuvintele celorlal\u021bi, pacien\u021bii cu hipoacuzie se simt stresa\u021bi, <strong>frustra\u021bi \u0219i obosi\u021bi.<\/strong> De asemenea, au probleme \u00een a-\u0219i aminti informa\u021bii. Este periculos s\u0103 nu recuno\u0219ti pierderea auzului. <\/span><\/p>\n<p style=\"text-align: justify;\"><strong><span style=\"font-size: 14pt;\">Audiovico este sigur, eficient \u0219i inovator. S-a dovedit clinic c\u0103 este cel mai bun. Folose\u0219te numai ingrediente naturale care sunt concentrate pentru a oferi cele mai bune rezultate.<\/span><\/strong><\/p>\n<p><img loading=\"lazy\" decoding=\"async\" class=\" wp-image-28795 aligncenter\" src=\"https:\/\/neopinium.eu\/wp-content\/uploads\/2023\/05\/Audiovico3-1-1-1024x683.jpg\" alt=\"\" width=\"764\" height=\"509\" srcset=\"https:\/\/neopinium.eu\/wp-content\/uploads\/2023\/05\/Audiovico3-1-1-1024x683.jpg 1024w, https:\/\/neopinium.eu\/wp-content\/uploads\/2023\/05\/Audiovico3-1-1-300x200.jpg 300w, https:\/\/neopinium.eu\/wp-content\/uploads\/2023\/05\/Audiovico3-1-1-768x512.jpg 768w, https:\/\/neopinium.eu\/wp-content\/uploads\/2023\/05\/Audiovico3-1-1-1536x1024.jpg 1536w, https:\/\/neopinium.eu\/wp-content\/uploads\/2023\/05\/Audiovico3-1-1-2048x1366.jpg 2048w\" sizes=\"auto, (max-width: 764px) 100vw, 764px\" \/><\/p>\n<h2>Audiovico &#8211; ac\u021biune, efecte<\/h2>\n<p style=\"text-align: justify;\"><span style=\"font-size: 14pt;\"><strong>Audiovico poate trata pierderea auzului \u0219i tinitusul. Acest produs este capabil s\u0103 regenereze \u021besuturile din ureche.<\/strong> Acest produs este realizat cu ingrediente naturale, care pot ajuta la restabilirea auzului \u0219i la reducerea deficien\u021belor induse de zgomot. Acest produs s-a dovedit a fi cea mai bun\u0103 op\u021biune pentru tratarea pierderii auzului. <strong>Numeroase studii clinice au sus\u021binut aceast\u0103 afirma\u021bie. <\/strong><\/span><\/p>\n<p style=\"text-align: justify;\"><span style=\"font-size: 14pt;\">Tabletele Audiovico s-au dovedit a fi at\u00e2t sigure, c\u00e2t \u0219i eficiente \u00een tratarea pierderii auzului. <strong>Acest produs poate fi, de asemenea, utilizat frecvent pentru a \u00eembun\u0103t\u0103\u021bi auzul, pentru a reduce zgomotul din urechile interne \u0219i pentru alte func\u021bii.<\/strong><\/span><\/p>\n<p style=\"text-align: justify;\"><span style=\"font-size: 14pt;\">Audiovico promite rezultate remarcabile<\/span><\/p>\n<ul>\n<li style=\"text-align: justify;\"><span style=\"font-size: 14pt;\"><strong>elimin\u0103 pierderea auzului<\/strong><\/span><\/li>\n<li style=\"text-align: justify;\"><span style=\"font-size: 14pt;\"><strong>elimin\u0103 tinitusul<\/strong><\/span><\/li>\n<li style=\"text-align: justify;\"><span style=\"font-size: 14pt;\"><strong>sprijin\u0103 sistemele auditive<\/strong><\/span><\/li>\n<li style=\"text-align: justify;\"><span style=\"font-size: 14pt;\"><strong>sprijin\u0103 concentrarea \u0219i memoria<\/strong><\/span><\/li>\n<li style=\"text-align: justify;\"><span style=\"font-size: 14pt;\"><strong>garanteaz\u0103 un somn lini\u0219tit<\/strong><\/span><\/li>\n<\/ul>\n<h2>Audiovico dozaj, compozi\u021bie<\/h2>\n<p style=\"text-align: justify;\"><span style=\"font-size: 14pt;\">Audiovico poate fi utilizat pentru a trata tinitus. Audiovico poate fi utilizat pentru a trata tinitus. Este, de asemenea, cunoscut pentru \u00eembun\u0103t\u0103\u021birea memoriei, a concentr\u0103rii, a capacit\u0103\u021bii \u0219i a abilit\u0103\u021bii de a \u021bine minte. Audiovico are un amestec de ingrediente atent formulat. Unele ingrediente ac\u021bioneaz\u0103 direct asupra organului auditiv, \u00een timp ce altele ofer\u0103 un efect larg, complementar. <\/span><\/p>\n<p style=\"text-align: justify;\"><strong><span style=\"font-size: 14pt;\">Audiovico poate fi g\u0103sit <span style=\"color: #ff0000;\"><em><a style=\"color: #ff0000;\" href=\"https:\/\/www.viaapp.eu\/audiovico-promo\" target=\"_blank\" rel=\"noopener\">pe site-ul oficial al produc\u0103torului.<\/a><\/em><\/span> Acesta include detalii despre compozi\u021bie \u0219i dozaj.<\/span><\/strong><img loading=\"lazy\" decoding=\"async\" class=\" wp-image-28822 aligncenter\" src=\"https:\/\/neopinium.eu\/wp-content\/uploads\/2023\/05\/Audiovico4-1-1-1024x683.jpg\" alt=\"\" width=\"758\" height=\"505\" srcset=\"https:\/\/neopinium.eu\/wp-content\/uploads\/2023\/05\/Audiovico4-1-1-1024x683.jpg 1024w, https:\/\/neopinium.eu\/wp-content\/uploads\/2023\/05\/Audiovico4-1-1-300x200.jpg 300w, https:\/\/neopinium.eu\/wp-content\/uploads\/2023\/05\/Audiovico4-1-1-768x512.jpg 768w, https:\/\/neopinium.eu\/wp-content\/uploads\/2023\/05\/Audiovico4-1-1-1536x1024.jpg 1536w, https:\/\/neopinium.eu\/wp-content\/uploads\/2023\/05\/Audiovico4-1-1-2048x1365.jpg 2048w\" sizes=\"auto, (max-width: 758px) 100vw, 758px\" \/><\/p>\n<h2>Recenzii despre Audiovico<\/h2>\n<p style=\"text-align: justify;\"><span style=\"font-size: 14pt;\">Audiovico este un produs care a primit feedback pozitiv din partea clien\u021bilor mul\u021bumi\u021bi. <strong>Pute\u021bi g\u0103si multe m\u0103rturii de la medici pe forumuri medicale, site-uri web \u0219i social media. S-a demonstrat c\u0103 Audiovico cre\u0219te memoria<\/strong>. <\/span><\/p>\n<p style=\"text-align: justify;\"><span style=\"font-size: 14pt;\">Exist\u0103 multe m\u0103rturii despre capacitatea audiovico de a \u00eembun\u0103t\u0103\u021bi auzul, concentrarea, calitatea somnului \u0219i s\u0103n\u0103tatea general\u0103. Audiovico a fost foarte bine recomandat. <\/span><\/p>\n<p style=\"text-align: justify;\"><span style=\"font-size: 14pt;\">Audiovico, conform produc\u0103torului, va oferi confort \u0219i u\u0219urare a tensiunii, precum \u0219i un <strong>sentiment de siguran\u021b\u0103 prin ingredientele sale naturale.<\/strong> Acestea sunt doar dou\u0103 recenzii pentru Audiovico.<\/span><\/p>\n<blockquote>\n<p style=\"text-align: justify;\"><span style=\"font-size: 14pt;\">Era o senza\u021bie ciudat\u0103 de b\u00e2z\u00e2it \u00een urechi, care s-a dovedit a fi un semn de infec\u021bie. Audiovico m-a ajutat \u0219i rezultatele<strong> au fost mai rapide dec\u00e2t m\u0103 a\u0219teptam. A fost rapid \u0219i a fost f\u0103cut.<\/strong><\/span><\/p>\n<\/blockquote>\n<p>&nbsp;<\/p>\n<blockquote>\n<p style=\"text-align: justify;\"><span style=\"font-size: 14pt;\">Potrivit unui specialist ORL, pierderea auzului, vocile slabe \u0219i \u021biuitul \u00een interiorul urechilor sunt probleme comune. <strong>Prietenul meu are probleme de auz, deoarece lucreaz\u0103 cu adolescen\u021bi care sunt zgomoto\u0219i.<\/strong> Audiovico a fost recomandat de prietenul meu. El a reu\u0219it s\u0103 aud\u0103 din nou clar \u0219i a spus c\u0103 zgomotele au \u00eencetat. Audiovico func\u021bioneaz\u0103 foarte bine \u0219i este un produs minunat. M\u0103 bucur c\u0103 am f\u0103cut aceast\u0103 alegere.<\/span><\/p>\n<\/blockquote>\n<h2>De unde s\u0103 cump\u0103ra\u021bi Audiovico<\/h2>\n<p style=\"text-align: justify;\"><span style=\"font-size: 14pt;\">Pute\u021bi comanda acest produs doar la Magazinul online Audiovico. Acest produs nu poate fi achizi\u021bionat \u00een nicio farmacie sau drogherie. Nu ave\u021bi nevoie de prescrip\u021bie medical\u0103. De asemenea, nu trebuie s\u0103 a\u0219tepta\u021bi la coad\u0103 la farmacie. <strong>Evita\u021bi alte site-uri care v\u00e2nd online, deoarece acestea pot oferi \u00eenlocuitori slabi sau pot fura bani. Iat\u0103 un link c\u0103tre site-ul Audiovico:<\/strong><\/span><\/p>\n<div style=\"margin: 6px; margin-top: 15px; border: 3px dashed #cc0000; padding: 10px; text-align: center; min-height: 190px;\"><a id=\"v_url\" href=\"https:\/\/www.viaapp.eu\/audiovico-promo\" target=\"_blank\" rel=\"nofollow noopener noreferrer\"><img decoding=\"async\" id=\"v_product_url\" class=\"lazy-loaded\" style=\"float: left; margin: 0px 10px 10px 50px; height: 160px; width: auto;\" src=\"https:\/\/fitnesshealthpros.com\/wp-content\/uploads\/2023\/05\/Audiovico2-1.jpg\" alt=\"Audiovico\" data-lazy-type=\"image\" data-src=\"https:\/\/fitnesshealthpros.com\/wp-content\/uploads\/2023\/05\/Audiovico2-1.jpg\" \/><br \/>\n<\/a><\/p>\n<div style=\"padding: 3px; font-size: 13px;\"><span id=\"v_header\">Cump\u0103r\u0103 acum Audiovico cu reducere de 50%!<\/span><\/div>\n<div style=\"margin: 10px; text-align: center;\"><a id=\"v_url\" style=\"font-size: 17px; line-height: 22px; font-weight: bold;\" href=\"https:\/\/www.viaapp.eu\/audiovico-promo\" target=\"_blank\" rel=\"nofollow noopener noreferrer\"><span id=\"v_call2action\" style=\"color: #000000; background-color: #ffff00;\">Comand\u0103 acum Audiovico<\/span><\/a><\/div>\n<div style=\"margin: 8px; text-align: center;\"><a id=\"v_url\" style=\"font-size: 16px; line-height: 22px; font-weight: bold;\" href=\"https:\/\/www.viaapp.eu\/audiovico-promo\" target=\"_blank\" rel=\"nofollow noopener noreferrer\"><span id=\"v_call2action2\" style=\"color: #cc0000;\">Garant\u0103m 50% reducere<\/span><\/a><\/div>\n<div><span id=\"v_date2\" style=\"font-size: 13px;\">Promo\u021bia este valabil\u0103 p\u00e2n\u0103 la:<\/span> <span id=\"date\" style=\"font-weight: bold;\">01.05.2026 <span id=\"date\">23:59<\/span><br \/>\n<\/span><\/div>\n<div><span id=\"v_text\">Aten\u021bie! Din cauza epuiz\u0103rii stocurilor, promo\u021bia este valabil\u0103 pentru o perioad\u0103 limitat\u0103 de timp.<\/span><\/div>\n<\/div>\n","protected":false},"excerpt":{"rendered":"<p>Urechea este un organ foarte sensibil la infec\u021bii \u0219i inflama\u021bii. Toate cauzele pot provoca schimb\u0103ri ireversibile \u00een acest organ delicat.&hellip;<\/p>\n","protected":false},"author":4,"featured_media":22744,"comment_status":"open","ping_status":"open","sticky":false,"template":"","format":"standard","meta":{"footnotes":""},"categories":[18],"tags":[],"class_list":["post-28794","post","type-post","status-publish","format-standard","has-post-thumbnail","hentry","category-uncategorized-ro"],"_links":{"self":[{"href":"https:\/\/neopinium.eu\/ro\/wp-json\/wp\/v2\/posts\/28794","targetHints":{"allow":["GET"]}}],"collection":[{"href":"https:\/\/neopinium.eu\/ro\/wp-json\/wp\/v2\/posts"}],"about":[{"href":"https:\/\/neopinium.eu\/ro\/wp-json\/wp\/v2\/types\/post"}],"author":[{"embeddable":true,"href":"https:\/\/neopinium.eu\/ro\/wp-json\/wp\/v2\/users\/4"}],"replies":[{"embeddable":true,"href":"https:\/\/neopinium.eu\/ro\/wp-json\/wp\/v2\/comments?post=28794"}],"version-history":[{"count":1,"href":"https:\/\/neopinium.eu\/ro\/wp-json\/wp\/v2\/posts\/28794\/revisions"}],"predecessor-version":[{"id":28849,"href":"https:\/\/neopinium.eu\/ro\/wp-json\/wp\/v2\/posts\/28794\/revisions\/28849"}],"wp:featuredmedia":[{"embeddable":true,"href":"https:\/\/neopinium.eu\/ro\/wp-json\/wp\/v2\/media\/22744"}],"wp:attachment":[{"href":"https:\/\/neopinium.eu\/ro\/wp-json\/wp\/v2\/media?parent=28794"}],"wp:term":[{"taxonomy":"category","embeddable":true,"href":"https:\/\/neopinium.eu\/ro\/wp-json\/wp\/v2\/categories?post=28794"},{"taxonomy":"post_tag","embeddable":true,"href":"https:\/\/neopinium.eu\/ro\/wp-json\/wp\/v2\/tags?post=28794"}],"curies":[{"name":"wp","href":"https:\/\/api.w.org\/{rel}","templated":true}]}}