{"id":34280,"date":"2023-08-03T16:28:18","date_gmt":"2023-08-03T16:28:18","guid":{"rendered":"https:\/\/neopinium.eu\/?p=34280"},"modified":"2023-10-16T08:37:25","modified_gmt":"2023-10-16T08:37:25","slug":"dermo-pro","status":"publish","type":"post","link":"https:\/\/neopinium.eu\/ro\/dermo-pro\/","title":{"rendered":"Dermo Pro pareri, forum, pret, catena, farmacii, ingrediente, farmacie, comanda"},"content":{"rendered":"<p style=\"text-align: justify;\"><span style=\"font-size: 14pt;\"><img loading=\"lazy\" decoding=\"async\" class=\" wp-image-32471 alignleft\" src=\"https:\/\/neopinium.eu\/wp-content\/uploads\/2023\/07\/Dr-Beniamin-Johansen-Evans-1024x682.jpg\" alt=\"\" width=\"414\" height=\"276\" srcset=\"https:\/\/neopinium.eu\/wp-content\/uploads\/2023\/07\/Dr-Beniamin-Johansen-Evans-1024x682.jpg 1024w, https:\/\/neopinium.eu\/wp-content\/uploads\/2023\/07\/Dr-Beniamin-Johansen-Evans-300x200.jpg 300w, https:\/\/neopinium.eu\/wp-content\/uploads\/2023\/07\/Dr-Beniamin-Johansen-Evans-768x512.jpg 768w, https:\/\/neopinium.eu\/wp-content\/uploads\/2023\/07\/Dr-Beniamin-Johansen-Evans-1536x1024.jpg 1536w, https:\/\/neopinium.eu\/wp-content\/uploads\/2023\/07\/Dr-Beniamin-Johansen-Evans.jpg 2000w\" sizes=\"auto, (max-width: 414px) 100vw, 414px\" \/><strong>Elasticitatea pielii scade odat\u0103 cu v\u00e2rsta. Pe m\u0103sur\u0103 ce \u00eemb\u0103tr\u00e2nim, elasticitatea pielii scade.<\/strong><\/span><\/p>\n<p style=\"text-align: justify;\"><strong><span style=\"font-size: 14pt;\">Ridurile statice \u0219i ridurile dinamice sunt cele dou\u0103 tipuri principale.<\/span><\/strong><\/p>\n<p style=\"text-align: justify;\"><span style=\"font-size: 14pt;\">Ridurile statice se vor dezvolta dac\u0103 nu z\u00e2mbi\u021bi. Ridurile dinamice sunt cele care se ad\u00e2ncesc \u00een timp.<\/span><\/p>\n<p style=\"text-align: justify;\"><span style=\"font-size: 14pt;\">Principalele cauze sunt pierderea colagenului \u0219i \u00eemb\u0103tr\u00e2nirea pielii. Ridurile pot fi cauzate de o combina\u021bie \u00eentre stilul de via\u021b\u0103 \u0219i factorii genetici.<\/span><\/p>\n<p style=\"text-align: justify;\"><span style=\"font-size: 14pt;\">Exist\u0103 patru categorii de riduri, fiecare cu o cauz\u0103 diferit\u0103.<\/span><\/p>\n<ul>\n<li style=\"text-align: justify;\"><strong><span style=\"font-size: 14pt;\">Ridurile fe\u021bei<\/span><\/strong><\/li>\n<li style=\"text-align: justify;\"><strong><span style=\"font-size: 14pt;\">Ridurile induse de soare<\/span><\/strong><\/li>\n<li style=\"text-align: justify;\"><strong><span style=\"font-size: 14pt;\">Ridurile cauzate de somn<\/span><\/strong><\/li>\n<li style=\"text-align: justify;\"><strong><span style=\"font-size: 14pt;\">Ridurile sunt cauzate de \u00eemb\u0103tr\u00e2nirea pielii.<\/span><\/strong><\/li>\n<\/ul>\n<p style=\"text-align: justify;\"><span style=\"font-size: 14pt;\">Mul\u021bi factori contribuie la apari\u021bia ridurilor. Ridurile sunt cauzate de expunerea la soare, hormoni, gene, pierderea de mas\u0103 \u0219i gr\u0103sime \u0219i timp.<\/span><\/p>\n<p style=\"text-align: justify;\"><span style=\"font-size: 14pt;\">Primele semne de \u00eemb\u0103tr\u00e2nire sunt ridurile. \u00cenc\u0103 de la v\u00e2rsta de 20 de ani, putem vedea deja ridurile. Pe m\u0103sur\u0103 ce \u00eemb\u0103tr\u00e2nim, ridurile devin mai vizibile.<\/span><\/p>\n<p style=\"text-align: justify;\"><span style=\"font-size: 14pt;\">Ridurile sunt cauzate de degradarea fibrelor de colagen \u0219i a elastinei din piele.<\/span><\/p>\n<div class='dropshadowboxes-container ' style='width:auto;'>\r\n                            <div class='dropshadowboxes-drop-shadow dropshadowboxes-rounded-corners dropshadowboxes-inside-and-outside-shadow dropshadowboxes-perspective-left dropshadowboxes-effect-default' style=' border: 7px solid #dd2f7d; height:; background-color:#1a19b7;    '>\r\n                            <\/p>\n<p style=\"text-align: center;\"><a href=\"https:\/\/gd-price.com\/go\/dermo-pro-ro\/\" target=\"_blank\" rel=\"noopener\"><span style=\"font-size: 14pt;\">\ud83d\udd25<\/span>\u00a0<span style=\"color: #ffffff;\"><strong><span style=\"font-size: 16pt;\">Dermo Pro <\/span><\/strong> <\/span><span style=\"font-size: 14pt;\">\ud83d\udd25<\/span><\/a><br \/>\n<a href=\"https:\/\/gd-price.com\/go\/dermo-pro-ro\/\" target=\"_blank\" rel=\"noopener\"><span style=\"color: #ffff00;\"><strong><span style=\"font-size: 14pt;\">\u2702 <\/span><span style=\"font-size: 16pt;\">PARERI\u00a0-50%<\/span><\/strong> <\/span><\/a><span style=\"font-size: 14pt;\">\ud83d\uded2<\/span><\/p>\n<p>\r\n                            <\/div>\r\n                        <\/div>\n<p style=\"text-align: justify;\"><span style=\"font-size: 14pt;\">Copiii \u0219i adolescen\u021bii au o piele neted\u0103, deoarece con\u021bin mult colagen \u0219i elastic.<\/span><\/p>\n<p style=\"text-align: justify;\"><span style=\"font-size: 14pt;\">Structura elastic\u0103 a pielii este responsabil\u0103 pentru men\u021binerea unui tonus s\u0103n\u0103tos \u0219i uniform.<\/span><\/p>\n<p style=\"text-align: justify;\"><span style=\"font-size: 14pt;\">Dermo Pro este capabil s\u0103 elimine ridurile chiar \u0219i atunci c\u00e2nd acestea sunt severe \u00een doar o lun\u0103.<\/span><\/p>\n<p style=\"text-align: justify;\"><span style=\"font-size: 14pt;\">Pielea poate fi \u00eentinerit\u0103 p\u00e2n\u0103 la 10 ani.<\/span><\/p>\n<p style=\"text-align: justify;\"><strong><span style=\"font-size: 14pt;\">Crema Dermo Pro poate fi folosit\u0103 \u00een locul Botoxului. Aceast\u0103 crem\u0103 nu este iritant\u0103.<\/span><\/strong><\/p>\n<p style=\"text-align: justify;\"><strong><span style=\"font-size: 14pt;\">Dermo Pro Creme reduce ridurile \u0219i \u00eemb\u0103tr\u00e2nirea, echilibr\u00e2nd \u00een acela\u0219i timp tonusul pielii. De asemenea, \u00eembun\u0103t\u0103\u021be\u0219te aspectul pielii. De asemenea, crema hidrateaz\u0103 \u0219i oxigeneaz\u0103 pielea.<\/span><\/strong><img loading=\"lazy\" decoding=\"async\" class=\" wp-image-34218 aligncenter\" src=\"https:\/\/neopinium.eu\/wp-content\/uploads\/2023\/08\/dermo-pro2-1024x725.jpg\" alt=\"\" width=\"761\" height=\"539\" srcset=\"https:\/\/neopinium.eu\/wp-content\/uploads\/2023\/08\/dermo-pro2-1024x725.jpg 1024w, https:\/\/neopinium.eu\/wp-content\/uploads\/2023\/08\/dermo-pro2-300x213.jpg 300w, https:\/\/neopinium.eu\/wp-content\/uploads\/2023\/08\/dermo-pro2-768x544.jpg 768w, https:\/\/neopinium.eu\/wp-content\/uploads\/2023\/08\/dermo-pro2.jpg 1200w\" sizes=\"auto, (max-width: 761px) 100vw, 761px\" \/><\/p>\n<h2>Dermo Pro: Ac\u021biune \u0219i efecte asupra ridurilor<\/h2>\n<p style=\"text-align: justify;\"><span style=\"font-size: 14pt;\">Crema Dermo Pro con\u021bine cele mai importante ingrediente pentru piele: acidul hialuronic \u0219i colagenul.<\/span><\/p>\n<p style=\"text-align: justify;\"><span style=\"font-size: 14pt;\">Fa\u021ba este remodelat\u0103 \u0219i \u00eembun\u0103t\u0103\u021bit\u0103. Pielea devine mai ferm\u0103 \u0219i f\u0103r\u0103 riduri.<\/span><\/p>\n<p style=\"text-align: justify;\"><span style=\"font-size: 14pt;\">\u00cent\u0103re\u0219te \u0219i mai mult pielea. Ingredientele active din crem\u0103 ajut\u0103 la eliminarea decolor\u0103rii \u0219i la iluminarea tenului. Crema reduce, de asemenea, cearc\u0103nele \u00eentunecate de sub ochi. Tenul dumneavoastr\u0103 va fi radiant \u0219i t\u00e2n\u0103r.<\/span><\/p>\n<p style=\"text-align: justify;\"><span style=\"font-size: 14pt;\">Dermo Pro Night Cream lupt\u0103 \u00eempotriva radicalilor liberi.<\/span><\/p>\n<p style=\"text-align: justify;\"><span style=\"font-size: 14pt;\">Ace\u0219tia pot provoca daune organismului \u0219i pot accelera \u00eemb\u0103tr\u00e2nirea. Ingredientele cremei elimin\u0103 radicalii liberi \u0219i creeaz\u0103 o barier\u0103 de protec\u021bie \u00eempotriva lor.<\/span><\/p>\n<p style=\"text-align: justify;\"><span style=\"font-size: 14pt;\">Dermo Pro promite rezultate uimitoare \u00een lupta \u00eempotriva ridurilor.<\/span><\/p>\n<p style=\"text-align: justify;\"><span style=\"font-size: 14pt;\">Pielea este protejat\u0103 de daune suplimentare \u0219i chiar \u0219i cele mai ad\u00e2nci riduri pot fi eliminate.<\/span><\/p>\n<ul>\n<li style=\"text-align: justify;\"><strong><span style=\"font-size: 14pt;\">Reapari\u021bie<\/span><\/strong><\/li>\n<li style=\"text-align: justify;\"><strong><span style=\"font-size: 14pt;\">Opre\u0219te degradarea celulelor<\/span><\/strong><\/li>\n<li style=\"text-align: justify;\"><strong><span style=\"font-size: 14pt;\">Pungi sub ochi<\/span><\/strong><\/li>\n<li style=\"text-align: justify;\"><strong><span style=\"font-size: 14pt;\">Pielea este hr\u0103nit\u0103 \u00een profunzime<\/span><\/strong><\/li>\n<li style=\"text-align: justify;\"><strong><span style=\"font-size: 14pt;\">Fibrele de colagen sunt produse \u00een cantit\u0103\u021bi mai mari<\/span><\/strong><\/li>\n<li style=\"text-align: justify;\"><strong><span style=\"font-size: 14pt;\">Ridurile \u0219i liniile fine sunt \u00eendep\u0103rtate<\/span><\/strong><\/li>\n<li style=\"text-align: justify;\"><strong><span style=\"font-size: 14pt;\">Regenerare mai rapid\u0103 a pielii<\/span><\/strong><\/li>\n<li style=\"text-align: justify;\"><strong><span style=\"font-size: 14pt;\">Fa\u021b\u0103 cu o form\u0103 oval\u0103 care este mai bine definit\u0103<\/span><\/strong><\/li>\n<li style=\"text-align: justify;\"><strong><span style=\"font-size: 14pt;\">Nu exist\u0103 decolorare sau v\u00e2n\u0103t\u0103i sub ochi<\/span><\/strong><\/li>\n<li style=\"text-align: justify;\"><strong><span style=\"font-size: 14pt;\">Pielea este bine hidratat\u0103 \u0219i exist\u0103 mult aer.<\/span><\/strong><\/li>\n<li style=\"text-align: justify;\"><strong><span style=\"font-size: 14pt;\">Protec\u021bie \u00eempotriva efectelor externe \u0219i a radicalilor liberi<\/span><\/strong><\/li>\n<\/ul>\n<h2>Dermo Pro &#8211; compozi\u021bie, dozaj, efecte secundare<\/h2>\n<p style=\"text-align: justify;\"><span style=\"font-size: 14pt;\">Dermo Pro este fabricat din ingrediente naturale. Acesta poate \u00eenlocui tratamentele de medicin\u0103 estetic\u0103 poten\u021bial periculoase \u0219i chiar mortale.<\/span><\/p>\n<p style=\"text-align: justify;\"><span style=\"font-size: 14pt;\">Dermo Pro nu are efecte secundare. Este sigur datorit\u0103 formulei bl\u00e2nde.<\/span><\/p>\n<p style=\"text-align: justify;\"><span style=\"font-size: 14pt;\">Formula bl\u00e2nd\u0103 \u00eel face foarte sigur.<\/span><\/p>\n<p style=\"text-align: justify;\"><strong><span style=\"font-size: 14pt;\">Pute\u021bi afla mai multe informa\u021bii despre produs <a href=\"https:\/\/gd-price.com\/go\/dermo-pro-ro\/\" target=\"_blank\" rel=\"noopener\"><span style=\"color: #ff0000;\"><em>pe site-ul oficial al produc\u0103torului.<\/em><\/span><\/a> Aceasta include utiliz\u0103rile sale \u0219i posibilele efecte secundare.<\/span><\/strong><\/p>\n<p><img loading=\"lazy\" decoding=\"async\" class=\" wp-image-34245 aligncenter\" src=\"https:\/\/neopinium.eu\/wp-content\/uploads\/2023\/08\/dermo-pro3.jpeg\" alt=\"\" width=\"765\" height=\"509\" srcset=\"https:\/\/neopinium.eu\/wp-content\/uploads\/2023\/08\/dermo-pro3.jpeg 1000w, https:\/\/neopinium.eu\/wp-content\/uploads\/2023\/08\/dermo-pro3-300x200.jpeg 300w, https:\/\/neopinium.eu\/wp-content\/uploads\/2023\/08\/dermo-pro3-768x511.jpeg 768w\" sizes=\"auto, (max-width: 765px) 100vw, 765px\" \/><\/p>\n<h2>Dermo Pro &#8211; Citi\u021bi recenziile clien\u021bilor<\/h2>\n<p style=\"text-align: justify;\"><span style=\"font-size: 14pt;\">Dermatologii au aprobat Dermo Pro, concentr\u00e2ndu-se pe beneficiile sale pentru cei care au grij\u0103 de pielea lor.<\/span><\/p>\n<p style=\"text-align: justify;\"><span style=\"font-size: 14pt;\">Cel mai bun mod de a determina dac\u0103 un produs se ridic\u0103 la \u00een\u0103l\u021bimea reclamei sale este prin citirea recenziilor clien\u021bilor.<\/span><\/p>\n<p style=\"text-align: justify;\"><strong><span style=\"font-size: 14pt;\">Citi\u021bi recenziile celor care au cump\u0103rat produse.<\/span><\/strong><\/p>\n<p style=\"text-align: justify;\"><strong><span style=\"font-size: 14pt;\">Dermo pro este foarte eficient. Dac\u0103 utiliza\u021bi produsul \u00een mod corespunz\u0103tor, v\u0103 pute\u021bi a\u0219tepta s\u0103 vede\u021bi rezultate pozitive \u00een c\u00e2teva s\u0103pt\u0103m\u00e2ni scurte.<\/span><\/strong><\/p>\n<p style=\"text-align: justify;\"><span style=\"font-size: 14pt;\">Social media este un loc minunat pentru a g\u0103si recenzii \u0219i comentarii care v\u0103 pot ajuta s\u0103 lua\u021bi o decizie bun\u0103.<\/span><\/p>\n<p style=\"text-align: justify;\"><span style=\"font-size: 14pt;\">Pute\u021bi g\u0103si toate informa\u021biile de care ave\u021bi nevoie c\u0103ut\u00e2nd \u00een profunzime pe forumuri.<\/span><\/p>\n<p style=\"text-align: justify;\"><span style=\"font-size: 14pt;\">Dermo pro cream este un produs bine primit.<\/span><\/p>\n<p style=\"text-align: justify;\"><strong><span style=\"font-size: 14pt;\">Iat\u0103 c\u00e2teva recenzii:<\/span><\/strong><\/p>\n<blockquote>\n<p style=\"text-align: justify;\"><span style=\"font-size: 14pt;\">Medicina cosmetic\u0103 este prea invaziv\u0103 \u0219i se bazeaz\u0103 pe substan\u021be chimice. Chiar \u0219i cremele pentru riduri con\u021bin substan\u021be chimice. Am vrut ceva natural. Influencerii care \u00eemi \u00eemp\u0103rt\u0103\u0219esc p\u0103rerea mi-au recomandat DermoPro. Dup\u0103 ce am folosit acest produs timp de o lun\u0103 \u00eentreag\u0103, l-a\u0219 recomanda \u0219i eu. M\u0103 simt \u00eentinerit\u0103.<\/span><\/p>\n<\/blockquote>\n<p>&nbsp;<\/p>\n<blockquote>\n<p style=\"text-align: justify;\"><span style=\"font-size: 14pt;\">Dermo Pro mi-a fost recomandat de colegele mele atractive. Dermo Pro este popular datorit\u0103 formulei sale naturale. Rezultatele sunt incredibile \u00eenc\u0103 de la prima aplicare.<\/span><\/p>\n<\/blockquote>\n<h2>Dermo Pro Cream cost, farmacie online \u0219i de unde s\u0103 cump\u0103ra\u021bi<\/h2>\n<p style=\"text-align: justify;\"><span style=\"font-size: 14pt;\">Numai prin achizi\u021bionarea direct de la produc\u0103tor pute\u021bi cump\u0103ra un produs original.<\/span><\/p>\n<p style=\"text-align: justify;\"><span style=\"font-size: 14pt;\">Nu pute\u021bi cump\u0103ra Dermo Pro Cream original \u00een nicio farmacie sau drogherie. Doar site-ul oficial Dermo Pro o vinde. Cu multe oferte, pute\u021bi g\u0103si produse de calitate la un pre\u021b avantajos.<\/span><\/p>\n<p style=\"text-align: justify;\"><strong><span style=\"font-size: 14pt;\">Ve\u021bi fi direc\u021bionat c\u0103tre site-ul oficial al produc\u0103torului f\u0103c\u00e2nd clic pe link-ul de mai jos.<\/span><\/strong><\/p>\n<div style=\"margin: 6px; margin-top: 15px; border: 3px dashed #cc0000; padding: 10px; text-align: center; min-height: 190px;\"><a id=\"v_url\" href=\"https:\/\/gd-price.com\/go\/dermo-pro-ro\/\" target=\"_blank\" rel=\"nofollow noopener noreferrer\"><img loading=\"lazy\" decoding=\"async\" id=\"v_product_url\" class=\"lazy-loaded alignnone\" style=\"float: left; margin: 0px 10px 10px 50px; height: 160px; width: auto;\" src=\"https:\/\/www.viaapp.eu\/wp-content\/uploads\/2023\/08\/dermo-pro1.jpg\" alt=\"Dermo Pro\" width=\"160\" height=\"160\" data-lazy-type=\"image\" data-src=\"https:\/\/www.viaapp.eu\/wp-content\/uploads\/2023\/08\/dermo-pro1.jpg\" \/><br \/>\n<\/a><\/p>\n<div style=\"padding: 3px; font-size: 13px;\"><span id=\"v_header\">Cump\u0103r\u0103 acum Dermo Pro cu reducere de 50%!<\/span><\/div>\n<div style=\"margin: 10px; text-align: center;\"><a id=\"v_url\" style=\"font-size: 17px; line-height: 22px; font-weight: bold;\" href=\"https:\/\/gd-price.com\/go\/dermo-pro-ro\/\" target=\"_blank\" rel=\"nofollow noopener noreferrer\"><span id=\"v_call2action\" style=\"color: #000000; background-color: #ffff00;\">Comand\u0103 acum Dermo Pro<\/span><\/a><\/div>\n<div style=\"margin: 8px; text-align: center;\"><a id=\"v_url\" style=\"font-size: 16px; line-height: 22px; font-weight: bold;\" href=\"https:\/\/gd-price.com\/go\/dermo-pro-ro\/\" target=\"_blank\" rel=\"nofollow noopener noreferrer\"><span id=\"v_call2action2\" style=\"color: #cc0000;\">Garant\u0103m 50% reducere<\/span><\/a><\/div>\n<div><span id=\"v_date2\" style=\"font-size: 13px;\">Promo\u021bia este valabil\u0103 p\u00e2n\u0103 la:<\/span> <span id=\"date\" style=\"font-weight: bold;\">29.04.2026 <span id=\"date\">23:59<\/span><br \/>\n<\/span><\/div>\n<div><span id=\"v_text\">Aten\u021bie! Din cauza epuiz\u0103rii stocurilor, promo\u021bia este valabil\u0103 pentru o perioad\u0103 limitat\u0103 de timp.<\/span><\/div>\n<\/div>\n","protected":false},"excerpt":{"rendered":"<p>Elasticitatea pielii scade odat\u0103 cu v\u00e2rsta. Pe m\u0103sur\u0103 ce \u00eemb\u0103tr\u00e2nim, elasticitatea pielii scade. Ridurile statice \u0219i ridurile dinamice sunt cele&hellip;<\/p>\n","protected":false},"author":4,"featured_media":34272,"comment_status":"open","ping_status":"open","sticky":false,"template":"","format":"standard","meta":{"footnotes":""},"categories":[18],"tags":[],"class_list":["post-34280","post","type-post","status-publish","format-standard","has-post-thumbnail","hentry","category-uncategorized-ro"],"_links":{"self":[{"href":"https:\/\/neopinium.eu\/ro\/wp-json\/wp\/v2\/posts\/34280","targetHints":{"allow":["GET"]}}],"collection":[{"href":"https:\/\/neopinium.eu\/ro\/wp-json\/wp\/v2\/posts"}],"about":[{"href":"https:\/\/neopinium.eu\/ro\/wp-json\/wp\/v2\/types\/post"}],"author":[{"embeddable":true,"href":"https:\/\/neopinium.eu\/ro\/wp-json\/wp\/v2\/users\/4"}],"replies":[{"embeddable":true,"href":"https:\/\/neopinium.eu\/ro\/wp-json\/wp\/v2\/comments?post=34280"}],"version-history":[{"count":2,"href":"https:\/\/neopinium.eu\/ro\/wp-json\/wp\/v2\/posts\/34280\/revisions"}],"predecessor-version":[{"id":42104,"href":"https:\/\/neopinium.eu\/ro\/wp-json\/wp\/v2\/posts\/34280\/revisions\/42104"}],"wp:featuredmedia":[{"embeddable":true,"href":"https:\/\/neopinium.eu\/ro\/wp-json\/wp\/v2\/media\/34272"}],"wp:attachment":[{"href":"https:\/\/neopinium.eu\/ro\/wp-json\/wp\/v2\/media?parent=34280"}],"wp:term":[{"taxonomy":"category","embeddable":true,"href":"https:\/\/neopinium.eu\/ro\/wp-json\/wp\/v2\/categories?post=34280"},{"taxonomy":"post_tag","embeddable":true,"href":"https:\/\/neopinium.eu\/ro\/wp-json\/wp\/v2\/tags?post=34280"}],"curies":[{"name":"wp","href":"https:\/\/api.w.org\/{rel}","templated":true}]}}